{"id":2493,"date":"2026-04-21T10:55:44","date_gmt":"2026-04-21T15:55:44","guid":{"rendered":"https:\/\/waterleafwc.org\/tiene-efectos-sobre-la-salud-mental-la-pildora-abortiva\/"},"modified":"2025-08-18T15:47:53","modified_gmt":"2025-08-18T20:47:53","slug":"tiene-efectos-sobre-la-salud-mental-la-pildora-abortiva","status":"publish","type":"post","link":"https:\/\/waterleafwc.org\/es\/tiene-efectos-sobre-la-salud-mental-la-pildora-abortiva\/","title":{"rendered":"\u00bfTiene efectos sobre la salud mental la p\u00edldora abortiva?"},"content":{"rendered":"<p>La salud mental suele ser un componente que se pasa por alto en la interrupci\u00f3n del embarazo. Sin embargo, tiene sentido que, al igual que su cuerpo se ver\u00eda afectado por un procedimiento m\u00e9dico, tambi\u00e9n podr\u00edan hacerlo su mente y su esp\u00edritu. <\/p>\n<p>Lee a continuaci\u00f3n los estudios que han revelado los posibles efectos que un aborto puede tener en tu salud mental y f\u00edsica.<\/p>\n<h3>Efectos psicol\u00f3gicos secundarios del aborto<\/h3>\n<p>Es dif\u00edcil predecir c\u00f3mo puede afectar un aborto a tu salud mental antes de la intervenci\u00f3n; sin embargo, es importante tenerlo en cuenta si ya tienes problemas de salud mental. Seg\u00fan un estudio, las mujeres con \u201cantecedentes de acontecimientos adversos en la infancia y traumas previos\u201d corren un mayor riesgo de padecer estr\u00e9s y s\u00edntomas <a href=\"https:\/\/www.ncbi.nlm.nih.gov\/pmc\/articles\/PMC4746441\/\" target=\"_blank\" rel=\"noopener\">de TEPT<\/a> tras la intervenci\u00f3n. <\/p>\n<p>Otros posibles efectos secundarios tras un aborto son la disminuci\u00f3n de la autoestima y el comportamiento suicida.<\/p>\n<h3>\u00bfExisten otros riesgos asociados a la p\u00edldora abortiva?<\/h3>\n<p>Seg\u00fan un estudio de mujeres que tomaron la p\u00edldora abortiva despu\u00e9s de las 10 semanas de gestaci\u00f3n, hubo participantes que informaron de aborto incompleto, p\u00e9rdida excesiva de sangre y fiebre. Adem\u00e1s, el 10-15% de los abortos del segundo trimestre son responsables de dos tercios de las complicaciones relacionadas con el aborto. <\/p>\n<p>La Cl\u00ednica Mayo enumera los posibles riesgos de la p\u00edldora abortiva:<\/p>\n<ul>\n<li>Aborto incompleto, que puede requerir un aborto quir\u00fargico<\/li>\n<li>Sangrado abundante y prolongado<\/li>\n<li>Infecci\u00f3n<\/li>\n<li>Fiebre<\/li>\n<li>Molestias del aparato digestivo<\/li>\n<\/ul>\n<h3>\u00bfQu\u00e9 otras opciones tengo?<\/h3>\n<p>Si est\u00e1s indecisa sobre la posibilidad de abortar, el siguiente paso es programar una consulta gratuita sobre el embarazo en el Centro de la Mujer Waterleaf. Para explorar sus opciones, la consulta incluye una <a href=\"https:\/\/waterleafwc.org\/es\/servicios\/embarazada\/\">prueba de embarazo de calidad m\u00e9dica<\/a> y una <a href=\"https:\/\/waterleafwc.org\/es\/servicios\/ecografia\/\">ecograf\u00eda<\/a>. Algunos procedimientos abortivos s\u00f3lo est\u00e1n disponibles en determinadas fases del embarazo. Un ultrasonido proporciona informaci\u00f3n m\u00e9dicamente precisa, incluyendo la edad gestacional de su embarazo para que pueda tomar la decisi\u00f3n mejor informada para usted. <a href=\"https:\/\/waterleafwc.org\/es\/contacta-con-nosotros\/\"><strong>Programe una cita<\/strong><\/a> o llame o env\u00ede un mensaje de texto confidencial a Waterleaf al 630-360-2256 hoy mismo.   <\/p>\n","protected":false},"excerpt":{"rendered":"<p>La salud mental suele ser un componente que se pasa por alto en la interrupci\u00f3n del embarazo. Sin embargo, tiene sentido que, al igual que su cuerpo se ver\u00eda afectado por un procedimiento m\u00e9dico, tambi\u00e9n podr\u00edan hacerlo su mente y su esp\u00edritu. Lee a continuaci\u00f3n los estudios que han revelado los posibles efectos que un [&hellip;]<\/p>\n","protected":false},"author":3,"featured_media":6647,"comment_status":"open","ping_status":"open","sticky":false,"template":"","format":"standard","meta":{"footnotes":""},"categories":[170],"tags":[],"class_list":["post-2493","post","type-post","status-publish","format-standard","has-post-thumbnail","hentry","category-pildora-abortiva-es"],"_links":{"self":[{"href":"https:\/\/waterleafwc.org\/es\/wp-json\/wp\/v2\/posts\/2493","targetHints":{"allow":["GET"]}}],"collection":[{"href":"https:\/\/waterleafwc.org\/es\/wp-json\/wp\/v2\/posts"}],"about":[{"href":"https:\/\/waterleafwc.org\/es\/wp-json\/wp\/v2\/types\/post"}],"author":[{"embeddable":true,"href":"https:\/\/waterleafwc.org\/es\/wp-json\/wp\/v2\/users\/3"}],"replies":[{"embeddable":true,"href":"https:\/\/waterleafwc.org\/es\/wp-json\/wp\/v2\/comments?post=2493"}],"version-history":[{"count":3,"href":"https:\/\/waterleafwc.org\/es\/wp-json\/wp\/v2\/posts\/2493\/revisions"}],"predecessor-version":[{"id":6076,"href":"https:\/\/waterleafwc.org\/es\/wp-json\/wp\/v2\/posts\/2493\/revisions\/6076"}],"wp:featuredmedia":[{"embeddable":true,"href":"https:\/\/waterleafwc.org\/es\/wp-json\/wp\/v2\/media\/6647"}],"wp:attachment":[{"href":"https:\/\/waterleafwc.org\/es\/wp-json\/wp\/v2\/media?parent=2493"}],"wp:term":[{"taxonomy":"category","embeddable":true,"href":"https:\/\/waterleafwc.org\/es\/wp-json\/wp\/v2\/categories?post=2493"},{"taxonomy":"post_tag","embeddable":true,"href":"https:\/\/waterleafwc.org\/es\/wp-json\/wp\/v2\/tags?post=2493"}],"curies":[{"name":"wp","href":"https:\/\/api.w.org\/{rel}","templated":true}]}}